{"id":273,"date":"2019-11-15T11:29:40","date_gmt":"2019-11-15T10:29:40","guid":{"rendered":"https:\/\/culturalcdm.eu\/2019\/11\/15\/turisme-comunitat-valenciana\/"},"modified":"2019-11-15T11:29:40","modified_gmt":"2019-11-15T10:29:40","slug":"turisme-comunitat-valenciana","status":"publish","type":"post","link":"https:\/\/culturalcdm.eu\/ca\/categoria-ca-es\/turisme-comunitat-valenciana\/","title":{"rendered":"Turisme Comunitat Valenciana"},"content":{"rendered":"<p>&nbsp;<\/p>\n<p>En 2021&nbsp;la FCCdM ha subscrit un&nbsp;conveni de col\u00b7laboraci\u00f3 amb <a data-link-type=\"custom\" href=\"http:\/\/www.turisme.gva.es\/opencms\/opencms\/turisme\/va\/index.jsp\" target=\"_self\" title=\"\" rel=\"noopener nofollow\">Turisme Comunitat Valenciana<\/a> per al desenvolupament d&#8217;accions&nbsp;dirigides&nbsp;a l&#8217;activaci\u00f3 i foment del producte tur\u00edstic cultural,&nbsp;consistents en:<\/p>\n<ul class=\"droplist drop-arrow-right\" data-color=\"#000000\" data-font-size=\"12\" data-line-height=\"15\" data-margin=\"5\" data-padding=\"5\" data-text-size=\"14\" id=\"bul-057c6fdf-0a2f-8891-3fab-48f0a5544416\">\n<li>Difusi\u00f3 tur\u00edstica del patrimoni musical.<br \/>\n\t&nbsp;<\/li>\n<li>Promoci\u00f3 de les rutes tur\u00edstiques culturals: Ruta de la Seda i Ruta del Grial.<br \/>\n\t&nbsp;<\/li>\n<li>Internacionalitzaci\u00f3 de la marca Comunitat Valenciana en fires i simposis internacionals, col\u00b7laboraci\u00f3 amb congressos d&#8217;\u00edndole internacional i internacionalitzaci\u00f3 de festivals de m\u00fasica antiga.<\/li>\n<\/ul>\n<p style=\"text-align: justify;\">&nbsp;<\/p>\n<ul id=\"bul-3e25b652-f750-08b2-d01b-b9a1586d4bdc\">\n<li><a data-link-type=\"dropfiles\" href=\"https:\/\/culturalcdm.eu\/files\/12\/New-category\/3\/Objecte-conveni.pdf\" target=\"_self\" title=\"\" rel=\"noopener\">Objectes del conveni&nbsp;2021<\/a><br \/>\n\t&nbsp;<\/li>\n<li><a data-link-type=\"custom\" href=\"https:\/\/culturalcdm.eu\/wp-content\/uploads\/2022\/03\/codigo_etico_turismo_valenciano.pdf\" target=\"_self\" title=\"\" rel=\"noopener\">Codi \u00c8tic del Turisme Valenci\u00e0<\/a><\/li>\n<\/ul>\n<style class=\"style-bul\" id=\"style-bul-057c6fdf-0a2f-8891-3fab-48f0a5544416\" type=\"text\/css\">#bul-057c6fdf-0a2f-8891-3fab-48f0a5544416 li {\n font-size: 14px;\nmargin-left: 32px;\ntext-indent: -32px;\n}\n#bul-057c6fdf-0a2f-8891-3fab-48f0a5544416 li:before {\n  font-size: 12px;\n  color: #000000;\n  text-size: 14px;\n  line-height: 15px;\n  margin: 5px;\n  padding: 5px;\n}\n<\/style>\n","protected":false},"excerpt":{"rendered":"<p>&nbsp; En 2021&nbsp;la FCCdM ha subscrit un&nbsp;conveni de col\u00b7laboraci\u00f3 amb Turisme Comunitat Valenciana per al desenvolupament d&#8217;accions&nbsp;dirigides&nbsp;a l&#8217;activaci\u00f3 i foment del producte tur\u00edstic cultural,&nbsp;consistents en: Difusi\u00f3 tur\u00edstica del patrimoni musical. &nbsp; Promoci\u00f3 de les rutes tur\u00edstiques culturals: Ruta de la Seda i Ruta del Grial. &nbsp; Internacionalitzaci\u00f3 de la marca Comunitat Valenciana en fires i&#8230;<\/p>\n","protected":false},"author":2,"featured_media":0,"comment_status":"open","ping_status":"open","sticky":false,"template":"","format":"standard","meta":{"_kad_post_transparent":"","_kad_post_title":"","_kad_post_layout":"","_kad_post_sidebar_id":"","_kad_post_content_style":"","_kad_post_vertical_padding":"","_kad_post_feature":"","_kad_post_feature_position":"","_kad_post_header":false,"_kad_post_footer":false,"_kad_post_classname":"","footnotes":""},"categories":[11],"tags":[],"class_list":["post-273","post","type-post","status-publish","format-standard","hentry","category-categoria-ca-es"],"_links":{"self":[{"href":"https:\/\/culturalcdm.eu\/ca\/wp-json\/wp\/v2\/posts\/273","targetHints":{"allow":["GET"]}}],"collection":[{"href":"https:\/\/culturalcdm.eu\/ca\/wp-json\/wp\/v2\/posts"}],"about":[{"href":"https:\/\/culturalcdm.eu\/ca\/wp-json\/wp\/v2\/types\/post"}],"author":[{"embeddable":true,"href":"https:\/\/culturalcdm.eu\/ca\/wp-json\/wp\/v2\/users\/2"}],"replies":[{"embeddable":true,"href":"https:\/\/culturalcdm.eu\/ca\/wp-json\/wp\/v2\/comments?post=273"}],"version-history":[{"count":0,"href":"https:\/\/culturalcdm.eu\/ca\/wp-json\/wp\/v2\/posts\/273\/revisions"}],"wp:attachment":[{"href":"https:\/\/culturalcdm.eu\/ca\/wp-json\/wp\/v2\/media?parent=273"}],"wp:term":[{"taxonomy":"category","embeddable":true,"href":"https:\/\/culturalcdm.eu\/ca\/wp-json\/wp\/v2\/categories?post=273"},{"taxonomy":"post_tag","embeddable":true,"href":"https:\/\/culturalcdm.eu\/ca\/wp-json\/wp\/v2\/tags?post=273"}],"curies":[{"name":"wp","href":"https:\/\/api.w.org\/{rel}","templated":true}]}}