{"id":3738,"date":"2026-09-03T13:25:31","date_gmt":"2026-09-03T11:25:31","guid":{"rendered":"https:\/\/culturalcdm.eu\/sin-categorizar\/vanitas-cervantes\/"},"modified":"2026-09-03T13:42:16","modified_gmt":"2026-09-03T11:42:16","slug":"vanitas-cervantes","status":"publish","type":"post","link":"https:\/\/culturalcdm.eu\/ca\/espectacles\/vanitas-cervantes\/","title":{"rendered":"Vanitas Cervantes"},"content":{"rendered":"\n<p class=\"wp-block-paragraph\">VANITAS CERVANTES reunix l&#8217;excel\u00b7l\u00e8ncia musical de Carles Magraner i Capella de Ministrers amb la veu i la poderosa pres\u00e8ncia esc\u00e8nica de Fran Perea.<br\/><br\/>Junts porten al present l&#8217;univers sonor i literari de Cervantes en un joc de miralls entre l&#8217;autor, Alonso Quijano i don Quixot. Un concert esc\u00e8nic on la m\u00fasica, la paraula i la interpretaci\u00f3 aconseguixen una bellesa profundament contempor\u00e0nia. <\/p>\n\n<p class=\"wp-block-paragraph\">Concert esc\u00e8nic<br\/><br\/>Fran Perea, actor protagonista<br\/><br\/>Capella de Ministrers<br\/>Carles Magraner<br\/><br\/>Beatriz Lafont, soprano i guitarra barroca<br\/>Jon Wasserman, vihuela i arxila\u00fct<br\/>Carles Magraner, viola de gamba<br\/><br\/>Dramat\u00fargia: Ignacio Garc\u00eda<br\/>Direcci\u00f3 esc\u00e8nica: Luis Luque<br\/><br\/>Una producci\u00f3 de Licanus distribu\u00efda per Pentaci\u00f3n Espect\u00e1culos.<\/p>\n","protected":false},"excerpt":{"rendered":"<p>VANITAS CERVANTES reunix l&#8217;excel\u00b7l\u00e8ncia musical de Carles Magraner i Capella de Ministrers amb la veu i la poderosa pres\u00e8ncia esc\u00e8nica de Fran Perea. Junts porten al present l&#8217;univers sonor i literari de Cervantes en un joc de miralls entre l&#8217;autor, Alonso Quijano i don Quixot. Un concert esc\u00e8nic on la m\u00fasica, la paraula i la&#8230;<\/p>\n","protected":false},"author":2,"featured_media":3733,"comment_status":"open","ping_status":"open","sticky":false,"template":"","format":"standard","meta":{"_kad_post_transparent":"","_kad_post_title":"","_kad_post_layout":"","_kad_post_sidebar_id":"","_kad_post_content_style":"","_kad_post_vertical_padding":"","_kad_post_feature":"","_kad_post_feature_position":"","_kad_post_header":false,"_kad_post_footer":false,"_kad_post_classname":"","footnotes":""},"categories":[32],"tags":[],"class_list":["post-3738","post","type-post","status-publish","format-standard","has-post-thumbnail","hentry","category-espectacles"],"_links":{"self":[{"href":"https:\/\/culturalcdm.eu\/ca\/wp-json\/wp\/v2\/posts\/3738","targetHints":{"allow":["GET"]}}],"collection":[{"href":"https:\/\/culturalcdm.eu\/ca\/wp-json\/wp\/v2\/posts"}],"about":[{"href":"https:\/\/culturalcdm.eu\/ca\/wp-json\/wp\/v2\/types\/post"}],"author":[{"embeddable":true,"href":"https:\/\/culturalcdm.eu\/ca\/wp-json\/wp\/v2\/users\/2"}],"replies":[{"embeddable":true,"href":"https:\/\/culturalcdm.eu\/ca\/wp-json\/wp\/v2\/comments?post=3738"}],"version-history":[{"count":1,"href":"https:\/\/culturalcdm.eu\/ca\/wp-json\/wp\/v2\/posts\/3738\/revisions"}],"predecessor-version":[{"id":3739,"href":"https:\/\/culturalcdm.eu\/ca\/wp-json\/wp\/v2\/posts\/3738\/revisions\/3739"}],"wp:featuredmedia":[{"embeddable":true,"href":"https:\/\/culturalcdm.eu\/ca\/wp-json\/wp\/v2\/media\/3733"}],"wp:attachment":[{"href":"https:\/\/culturalcdm.eu\/ca\/wp-json\/wp\/v2\/media?parent=3738"}],"wp:term":[{"taxonomy":"category","embeddable":true,"href":"https:\/\/culturalcdm.eu\/ca\/wp-json\/wp\/v2\/categories?post=3738"},{"taxonomy":"post_tag","embeddable":true,"href":"https:\/\/culturalcdm.eu\/ca\/wp-json\/wp\/v2\/tags?post=3738"}],"curies":[{"name":"wp","href":"https:\/\/api.w.org\/{rel}","templated":true}]}}