{"id":409,"date":"2020-11-19T14:36:53","date_gmt":"2020-11-19T13:36:53","guid":{"rendered":"https:\/\/culturalcdm.eu\/2020\/11\/19\/nadal-en-valencia-val\/"},"modified":"2020-11-19T14:36:53","modified_gmt":"2020-11-19T13:36:53","slug":"nadal-en-valencia-val","status":"publish","type":"post","link":"https:\/\/culturalcdm.eu\/ca\/categoria-ca-es\/nadal-en-valencia-val\/","title":{"rendered":"Nadal en valenci\u00e0"},"content":{"rendered":"<p style=\"text-align: justify;\"><span style=\"font-kerning: none\">La Fundaci\u00f3 Cultural CdM presenta la segona edici\u00f3&nbsp;del cicle&nbsp;<b><i>Nadal en Valenci\u00e0<\/i><\/b> al Monestir de Sant Miquel dels Reis 2021&nbsp;que conjuga qualitat cultural i art\u00edstica des de la pres\u00e8ncia de Capella de Ministrers com eix vertebrador. La traject\u00f2ria musical de Capella de Ministrers des de fa quasi 35 anys es presenta en aquesta edici\u00f3 amb un seguit de repertori valenci\u00e0 en un espai \u00fanic com \u00e9s el Monestir de Sant Miquel dels Reis, joia de l&#8217;arquitectura renaixentista valenciana i emblema del nostre segle d\u2019or, que ha segut testimoni del pas del temps.<\/span><\/p>\n<p>El&nbsp;cicle&nbsp;de concerts&nbsp;<em>Nadal en valenci\u00e0<\/em>&nbsp;est\u00e0 organitzat&nbsp;dins del Festival MHA&nbsp;junt&nbsp;a&nbsp;l&#8217;<a data-link-type=\"custom\" href=\"https:\/\/www.culturalcomes.net\/es\/mha\" target=\"_self\" title=\"\" rel=\"noopener nofollow\">Associaci\u00f3&nbsp;Cultural Comes<\/a>.<\/p>\n<p style=\"font-size: 16px; margin: 3px 0px; padding: 0px; caret-color: rgb(64, 64, 64); color: rgb(64, 64, 64); font-family: &quot;Gilda Display&quot;, Arial, &quot;Arial Unicode MS&quot;, Helvetica, sans-serif;\">\n<p style=\"font-size: 16px; margin: 3px 0px; padding: 0px; caret-color: rgb(64, 64, 64); color: rgb(64, 64, 64); font-family: &quot;Gilda Display&quot;, Arial, &quot;Arial Unicode MS&quot;, Helvetica, sans-serif;\">&nbsp;<\/p>\n<p style=\"font-size: 16px; margin: 3px 0px; padding: 0px; caret-color: rgb(64, 64, 64); color: rgb(64, 64, 64); font-family: &quot;Gilda Display&quot;, Arial, &quot;Arial Unicode MS&quot;, Helvetica, sans-serif;\">&nbsp;<\/p>\n<p style=\"font-size: 16px; margin: 3px 0px; padding: 0px; caret-color: rgb(64, 64, 64); color: rgb(64, 64, 64); font-family: &quot;Gilda Display&quot;, Arial, &quot;Arial Unicode MS&quot;, Helvetica, sans-serif;\">Dilluns 27 desembre a les 19:30<br \/>\nEsgl\u00e9sia del Monestir&nbsp;de&nbsp;Sant Miquel dels Reis<span style=\"color: rgb(51, 51, 51);\"><\/span><\/p>\n<p style=\"font-size: 16px; margin: 3px 0px; padding: 0px; caret-color: rgb(64, 64, 64); color: rgb(64, 64, 64); font-family: &quot;Gilda Display&quot;, Arial, &quot;Arial Unicode MS&quot;, Helvetica, sans-serif;\"><strong><span style=\"color: rgb(102, 102, 153);\"><\/span><\/strong><strong style=\"caret-color: rgb(64, 64, 64); color: rgb(64, 64, 64); font-family: &quot;Gilda Display&quot;, Arial, &quot;Arial Unicode MS&quot;, Helvetica, sans-serif; font-size: 16px;\"><span style=\"color: rgb(102, 102, 153);\">VILLANCETS RENAIXENTISTES<\/span><\/strong><br style=\"caret-color: rgb(64, 64, 64); color: rgb(64, 64, 64); font-family: &quot;Gilda Display&quot;, Arial, &quot;Arial Unicode MS&quot;, Helvetica, sans-serif; font-size: 16px;\" \/><br \/>\n<span style=\"caret-color: rgb(64, 64, 64); color: rgb(64, 64, 64); font-family: &quot;Gilda Display&quot;, Arial, &quot;Arial Unicode MS&quot;, Helvetica, sans-serif; font-size: 16px;\"><\/span>Delia Ag\u00fandez, Carles Magraner &amp; Robert Cases<\/p>\n<p style=\"font-size: 16px; margin: 3px 0px; padding: 0px; caret-color: rgb(64, 64, 64); color: rgb(64, 64, 64); font-family: &quot;Gilda Display&quot;, Arial, &quot;Arial Unicode MS&quot;, Helvetica, sans-serif;\"><span style=\"caret-color: rgb(64, 64, 64); color: rgb(64, 64, 64); font-family: &quot;Gilda Display&quot;, Arial, &quot;Arial Unicode MS&quot;, Helvetica, sans-serif; font-size: 16px;\">Villancets de la Cort&nbsp;del Duc&nbsp;de Cal\u00e0bria i&nbsp;el Cant de la Sibil\u00b7la \u201cAl jorn del judici\u201d<\/span><\/p>\n<p style=\"text-align: justify;\">L&#8217;any lit\u00fargic cristi\u00e0 gira entorn de dues celebracions de car\u00e0cter contrastat: la Nativitat de Crist, s\u00edmbol de pau i alegria, i la seua Passi\u00f3, Mort i Resurrecci\u00f3 que es rememoren per Setmana Santa, en el rerefons de la qual s&#8217;endevina tot el dramatisme i incertesa de la vida. Motiu d&#8217;inspiraci\u00f3 d&#8217;infinitat d&#8217;artistes, algunes de les millors p\u00e0gines de la Hist\u00f2ria de la M\u00fasica canten el Nadal o ploren la Passi\u00f3 i Mort de Crist. Obres monumentals com El Messies de H\u00e4ndel o la Passi\u00f3 segons Sant Mateu de Juan Sebasti\u00e1n Bach resulten familiars a qualsevol mel\u00f2man, encara que unes altres de menor envergadura -que no de menor bellesa- encara solen passar molt desapercebudes, com \u00e9s el cas de les villancets nadalencs del Renaixement espanyol als quals la Capella de Ministrers dedica aquest concert.<\/p>\n<p style=\"font-size: 16px; margin: 3px 0px; padding: 0px; caret-color: rgb(64, 64, 64); color: rgb(64, 64, 64); font-family: &quot;Gilda Display&quot;, Arial, &quot;Arial Unicode MS&quot;, Helvetica, sans-serif;\"><u><a data-link-type=\"custom\" href=\"https:\/\/www.wegow.com\/es-es\/conciertos\/viilancents-nadal-en-valencia\" target=\"_blank\" title=\"\" rel=\"noopener nofollow\">&gt; RESERVA ENTRADES<\/a><\/u><\/p>\n<p style=\"font-size: 16px; margin: 3px 0px; padding: 0px; caret-color: rgb(64, 64, 64); color: rgb(64, 64, 64); font-family: &quot;Gilda Display&quot;, Arial, &quot;Arial Unicode MS&quot;, Helvetica, sans-serif;\">&nbsp;<\/p>\n<p style=\"font-size: 16px; margin: 3px 0px; padding: 0px; caret-color: rgb(64, 64, 64); color: rgb(64, 64, 64); font-family: &quot;Gilda Display&quot;, Arial, &quot;Arial Unicode MS&quot;, Helvetica, sans-serif;\">&nbsp;<\/p>\n<p style=\"font-size: 16px; margin: 3px 0px; padding: 0px; caret-color: rgb(64, 64, 64); color: rgb(64, 64, 64); font-family: &quot;Gilda Display&quot;, Arial, &quot;Arial Unicode MS&quot;, Helvetica, sans-serif;\">&nbsp;<\/p>\n<p style=\"font-size: 16px; margin: 3px 0px; padding: 0px; caret-color: rgb(64, 64, 64); color: rgb(64, 64, 64); font-family: &quot;Gilda Display&quot;, Arial, &quot;Arial Unicode MS&quot;, Helvetica, sans-serif;\">&nbsp;<\/p>\n<p style=\"font-size: 16px; margin: 3px 0px; padding: 0px; caret-color: rgb(64, 64, 64); color: rgb(64, 64, 64); font-family: &quot;Gilda Display&quot;, Arial, &quot;Arial Unicode MS&quot;, Helvetica, sans-serif;\"><img loading=\"lazy\" decoding=\"async\" class=\" alignleft size-full wp-image-402\" data-click=\"lightbox\" data-droppicscategory=\"11\" data-droppicslightbox=\"lightbox\" data-droppicspicture=\"12\" data-droppicssource=\"custom_6\" data-title=\"\" src=\"https:\/\/culturalcdm.eu\/wp-content\/uploads\/2020\/11\/61768ae41f954-6.jpg\" style=\"border-top-left-radius: 3px; border-top-right-radius: 3px; border-bottom-right-radius: 3px; border-bottom-left-radius: 3px; margin: 20px; float: left;\" title=\"\" width=\"299\" height=\"422\" alt=\"\" srcset=\"https:\/\/culturalcdm.eu\/wp-content\/uploads\/2020\/11\/61768ae41f954-6.jpg 299w, https:\/\/culturalcdm.eu\/wp-content\/uploads\/2020\/11\/61768ae41f954-6-213x300.jpg 213w\" sizes=\"auto, (max-width: 299px) 100vw, 299px\" \/><\/p>\n<p style=\"font-size: 16px; margin: 3px 0px; padding: 0px; caret-color: rgb(64, 64, 64); color: rgb(64, 64, 64); font-family: &quot;Gilda Display&quot;, Arial, &quot;Arial Unicode MS&quot;, Helvetica, sans-serif;\">&nbsp;<\/p>\n<p style=\"font-size: 16px; margin: 3px 0px; padding: 0px; caret-color: rgb(64, 64, 64); color: rgb(64, 64, 64); font-family: &quot;Gilda Display&quot;, Arial, &quot;Arial Unicode MS&quot;, Helvetica, sans-serif;\">&nbsp;<\/p>\n<p style=\"font-size: 16px; margin: 3px 0px; padding: 0px; caret-color: rgb(64, 64, 64); color: rgb(64, 64, 64); font-family: &quot;Gilda Display&quot;, Arial, &quot;Arial Unicode MS&quot;, Helvetica, sans-serif;\">Dimarts 28 desembre a les 19:30<br \/>\nEsgl\u00e9sia del Monestir de&nbsp;Sant Miquel dels Reis<br \/>\n<strong><span style=\"color: rgb(102, 102, 153);\">BAL\u00c0NSIYA<\/span><\/strong><br \/>\nCapella de Ministrers &#8211; Carles Magraner<\/p>\n<p style=\"font-size: 16px; margin: 3px 0px; padding: 0px; caret-color: rgb(64, 64, 64); color: rgb(64, 64, 64); font-family: &quot;Gilda Display&quot;, Arial, &quot;Arial Unicode MS&quot;, Helvetica, sans-serif;\">M\u00fasica andalusina&nbsp;i textos de poetes arabicovalencians<\/p>\n<p style=\"text-align: justify;\">Orientalisme \u00e9s un terme polis\u00e8mic que s\u2019usa tant per a designar a els estudis orientals (el estudi de les civilitzacions orientals, actuals i hist\u00f2riques, especialment les de el Pr\u00f2xim i Mitj\u00e0 Orient, i en menor mesura les de el Lluny\u00e0 Orient), com per a designar a la presentaci\u00f3 (imitaci\u00f3 o mistificaci\u00f3) de determinants aspectes de les cultures orientals a Occident per part d\u2019escriptors, dissenyadors i artistes occidentals, que van acabar per convertir-se en t\u00f2pics estereotipats. La Val\u00e8ncia musulmana va con\u00e9ixer la seua major esplendor en el segle XI, durant el regnat de Abd al-Aziz, senyor de la Taifa valenciana, n\u00e9t de Almanzor i al voltant d\u2019esta imatge orientalista i l\u2019esplendor musulm\u00e0 de Val\u00e8ncia es crea un espectacle multidisciplinari amb m\u00fasica andalus\u00ed i poetes arabicovalencians.<\/p>\n<p style=\"font-size: 16px; margin: 3px 0px; padding: 0px; caret-color: rgb(64, 64, 64); color: rgb(64, 64, 64); font-family: &quot;Gilda Display&quot;, Arial, &quot;Arial Unicode MS&quot;, Helvetica, sans-serif;\"><u><a data-link-type=\"custom\" href=\"https:\/\/www.wegow.com\/es-es\/conciertos\/balansiya-nadal-en-valencia\" style=\"caret-color: rgb(64, 64, 64); font-family: &quot;Gilda Display&quot;, Arial, &quot;Arial Unicode MS&quot;, Helvetica, sans-serif; font-size: 16px;\" target=\"_blank\" title=\"\" rel=\"noopener nofollow\">&gt; RESERVA ENTRADES<\/a><\/u><\/p>\n<p style=\"font-size: 16px; margin: 3px 0px; padding: 0px; caret-color: rgb(64, 64, 64); color: rgb(64, 64, 64); font-family: &quot;Gilda Display&quot;, Arial, &quot;Arial Unicode MS&quot;, Helvetica, sans-serif;\">&nbsp;<\/p>\n<p style=\"font-size: 16px; margin: 3px 0px; padding: 0px; caret-color: rgb(64, 64, 64); color: rgb(64, 64, 64); font-family: &quot;Gilda Display&quot;, Arial, &quot;Arial Unicode MS&quot;, Helvetica, sans-serif;\">&nbsp;<\/p>\n<p style=\"font-size: 16px; margin: 3px 0px; padding: 0px; caret-color: rgb(64, 64, 64); color: rgb(64, 64, 64); font-family: &quot;Gilda Display&quot;, Arial, &quot;Arial Unicode MS&quot;, Helvetica, sans-serif;\">&nbsp;<\/p>\n<p style=\"font-size: 16px; margin: 3px 0px; padding: 0px; caret-color: rgb(64, 64, 64); color: rgb(64, 64, 64); font-family: &quot;Gilda Display&quot;, Arial, &quot;Arial Unicode MS&quot;, Helvetica, sans-serif;\">&nbsp;<\/p>\n<p><img loading=\"lazy\" decoding=\"async\" class=\" alignleft size-full wp-image-405\" data-click=\"lightbox\" data-droppicscategory=\"11\" data-droppicslightbox=\"lightbox\" data-droppicspicture=\"11\" data-droppicssource=\"custom_7\" data-title=\"\" src=\"https:\/\/culturalcdm.eu\/wp-content\/uploads\/2020\/11\/Evaristo-Paya-1.jpg\" style=\"border-radius: 3px;-webkit-border-radius: 3px;-moz-border-radius: 3px;margin-left: 20px;margin-top: 20px;margin-right: 20px;margin-bottom: 20px;float: left;\" title=\"\" width=\"300\" height=\"427\" alt=\"\" srcset=\"https:\/\/culturalcdm.eu\/wp-content\/uploads\/2020\/11\/Evaristo-Paya-1.jpg 300w, https:\/\/culturalcdm.eu\/wp-content\/uploads\/2020\/11\/Evaristo-Paya-1-211x300.jpg 211w\" sizes=\"auto, (max-width: 300px) 100vw, 300px\" \/><\/p>\n<p style=\"font-size: 16px; margin: 3px 0px; padding: 0px; caret-color: rgb(64, 64, 64); color: rgb(64, 64, 64); font-family: &quot;Gilda Display&quot;, Arial, &quot;Arial Unicode MS&quot;, Helvetica, sans-serif;\">&nbsp;<\/p>\n<p style=\"font-size: 16px; margin: 3px 0px; padding: 0px; caret-color: rgb(64, 64, 64); color: rgb(64, 64, 64); font-family: &quot;Gilda Display&quot;, Arial, &quot;Arial Unicode MS&quot;, Helvetica, sans-serif;\">Dimecres 29&nbsp;desembre a les 19:30<br \/>\nEsgl\u00e9sia&nbsp;del Monestir de&nbsp;Sant Miquel dels Reis<br \/>\n<strong><span style=\"color: rgb(102, 102, 153);\">RONDALLES DE NADAL<\/span><\/strong><br \/>\nEnsemble La Rondalla<\/p>\n<p style=\"font-size: 16px; margin: 3px 0px; padding: 0px; caret-color: rgb(64, 64, 64); color: rgb(64, 64, 64); font-family: &quot;Gilda Display&quot;, Arial, &quot;Arial Unicode MS&quot;, Helvetica, sans-serif;\">Nadales i can\u00e7ons tradicionals<\/p>\n<p style=\"text-align: justify;\">Si a finals de l\u2019any hi ha una data assenyalada que la nostra cultura indentifica amb l\u2019alegria, la germanor i la pau, aquesta \u00e9s el Nadal. Un temps per a reunir-se amb la fam\u00edlia, retrobar a Amics i coneguts, i, sovint tamb\u00e9, participar en llargs debats de sobretaula. Ja ho Diu la dita que per Nadal, cada Ovella al seu corral. En aquest marc inconfusible de bonhomia que embolcalla a tothom \u00e9s tradicional tamb\u00e9 que, els m\u00e9s inclinats a fer servir la veu, s\u2019animen a espr\u00e9mer les cordes vocals I delecten els presents amb algunes can\u00e7ons de Nadal. Amb este t\u00edtol es presenten una s\u00e9rie de can\u00e7ons nadalenques vinculades a la nostra tradici\u00f3 ja que a les rondalles valencianes d\u2019Enric Valor apareixen refer\u00e8ncies musicals directes de variada naturalesa, aix\u00ed com molts materials declamats o que poden ser entonants a manera de cantinela com ara oracions, conjurs, sent\u00e8ncies, lletanies, invocacions, salutacions i encanteris. La incorporaci\u00f3 de les refer\u00e8ncies musicals formen part de la narraci\u00f3, i la m\u00fasica apareix il\u00b7lustrant musicalment d\u2019algunes de les seues hist\u00f2ries.<\/p>\n<p><u><a data-link-type=\"custom\" href=\"https:\/\/www.wegow.com\/es-es\/conciertos\/rondalles-de-nadal-nadal-en-valencia\" style=\"caret-color: rgb(64, 64, 64); font-family: &quot;Gilda Display&quot;, Arial, &quot;Arial Unicode MS&quot;, Helvetica, sans-serif; font-size: 16px;\" target=\"_blank\" title=\"\" rel=\"noopener nofollow\">&gt; RESERVA ENTRADES<\/a><\/u><\/p>\n<p><span style=\"color: rgb(255, 255, 255);\"><span style=\"background-color: rgb(255, 0, 0);\"><\/span><\/span><span style=\"text-decoration: line-through;\"><span style=\"color: rgb(255, 255, 255);\"><\/span><\/span><\/p>\n","protected":false},"excerpt":{"rendered":"<p>La Fundaci\u00f3 Cultural CdM presenta la segona edici\u00f3&nbsp;del cicle&nbsp;Nadal en Valenci\u00e0 al Monestir de Sant Miquel dels Reis 2021&nbsp;que conjuga qualitat cultural i art\u00edstica des de la pres\u00e8ncia de Capella de Ministrers com eix vertebrador. La traject\u00f2ria musical de Capella de Ministrers des de fa quasi 35 anys es presenta en aquesta edici\u00f3 amb un&#8230;<\/p>\n","protected":false},"author":2,"featured_media":399,"comment_status":"open","ping_status":"open","sticky":false,"template":"","format":"standard","meta":{"_kad_post_transparent":"","_kad_post_title":"","_kad_post_layout":"","_kad_post_sidebar_id":"","_kad_post_content_style":"","_kad_post_vertical_padding":"","_kad_post_feature":"","_kad_post_feature_position":"","_kad_post_header":false,"_kad_post_footer":false,"_kad_post_classname":"","footnotes":""},"categories":[11],"tags":[],"class_list":["post-409","post","type-post","status-publish","format-standard","has-post-thumbnail","hentry","category-categoria-ca-es"],"_links":{"self":[{"href":"https:\/\/culturalcdm.eu\/ca\/wp-json\/wp\/v2\/posts\/409","targetHints":{"allow":["GET"]}}],"collection":[{"href":"https:\/\/culturalcdm.eu\/ca\/wp-json\/wp\/v2\/posts"}],"about":[{"href":"https:\/\/culturalcdm.eu\/ca\/wp-json\/wp\/v2\/types\/post"}],"author":[{"embeddable":true,"href":"https:\/\/culturalcdm.eu\/ca\/wp-json\/wp\/v2\/users\/2"}],"replies":[{"embeddable":true,"href":"https:\/\/culturalcdm.eu\/ca\/wp-json\/wp\/v2\/comments?post=409"}],"version-history":[{"count":0,"href":"https:\/\/culturalcdm.eu\/ca\/wp-json\/wp\/v2\/posts\/409\/revisions"}],"wp:featuredmedia":[{"embeddable":true,"href":"https:\/\/culturalcdm.eu\/ca\/wp-json\/wp\/v2\/media\/399"}],"wp:attachment":[{"href":"https:\/\/culturalcdm.eu\/ca\/wp-json\/wp\/v2\/media?parent=409"}],"wp:term":[{"taxonomy":"category","embeddable":true,"href":"https:\/\/culturalcdm.eu\/ca\/wp-json\/wp\/v2\/categories?post=409"},{"taxonomy":"post_tag","embeddable":true,"href":"https:\/\/culturalcdm.eu\/ca\/wp-json\/wp\/v2\/tags?post=409"}],"curies":[{"name":"wp","href":"https:\/\/api.w.org\/{rel}","templated":true}]}}