{"id":229,"date":"2019-05-21T13:52:27","date_gmt":"2019-05-21T11:52:27","guid":{"rendered":"https:\/\/culturalcdm.eu\/2019\/05\/21\/early-music-morella-2\/"},"modified":"2019-05-21T13:52:27","modified_gmt":"2019-05-21T11:52:27","slug":"early-music-morella-2","status":"publish","type":"post","link":"https:\/\/culturalcdm.eu\/en\/category-en-gb\/early-music-morella-2\/","title":{"rendered":"Early Music Morella"},"content":{"rendered":"<p style=\"text-align: justify;\">Every year <em>Early Music Morella<\/em> programs are articulated around specific themes designed to stimulate new attitudes that bring us closer to the music of the past. Since 431 Ephesus Council resolved a Marian issue for the first time, a devotion to the Virgin Mary was promoted in the Byzantine sphere that would end up making her the most revered woman of the Abrahamic religions. The X edition of the Festival and Academy Early Music Morella will tackle from first Marian antiphons, sequences or hymns to Cantigas de Santa Mar\u00eda, the central axis of this edition as a celebration of the VIII Centenary of Alfonso X El Sabio (1221-2021) birth and the Holy Jacobean year 2021. The Marian repertoire also allows us to enter the music of the great Renaissance authors. Among them, the motets or masses of Dufay, Obrecht, Ockeguem, Josquin, Gabrielli, Lasso, Guerrero, Palestrina or Victoria, and many other genres and authors who devoted their music to the Virgin. Santa Mar\u00eda thus becomes the recurring theme of this Early Music Morella, while continuing to delve into this musical adventure in instrumental practices, measurement, theory and composition techniques in the Middle Ages and the Renaissance, the beginnings of musical writing and its notation techniques, oral and written music and their mutual influences as well as instrumental or religious music. The combination of elements of historical music together with those of oral tradition form the essence of Early Music Morella, music to understand, communicate, listen, interpret and enjoy from their knowledge and reasoning. The combination of elements of historical music with those of oral tradition form the essence of Early Music Morella, music to understand, communicate, listen, interpret and enjoy from their knowledge and reasoning. In our X edition in addition to the concerts of the Festival and the Academy of instrumental or vocal improvement, you can enjoy a multitude of parallel activities (guided tours, exhibitions, conferences, Med_Ren Jamsessions, instrument building workshops and we will pay special attention to the actions social networks for the diffusion of early music for young people, the elderly and disadvantaged groups. It will be a pleasure to share it with all of you.<\/p>\n<p style=\"text-align: justify;\">The combination of elements of historical music with those of oral tradition form the essence of Early Music Morella, music to understand, communicate, listen, interpret and enjoy from their knowledge and reasoning. In this VIII edition in addition to the concerts of the <em>Festival and&nbsp;Academy<\/em> of instrumental or vocal improvement, you can enjoy a multitude of parallel activities (guided tours, exhibitions, conferences, Med_Ren Jamsessions, instrument building workshops and we will pay special attention to the actions social networks for the diffusion of early music for young people, the elderly and disadvantaged groups.<\/p>\n<p style=\"font-size: 16px; margin: 3px 0px; padding: 0px; caret-color: rgb(64, 64, 64); color: rgb(64, 64, 64); font-family: &quot;Open Sans&quot;, Arial, &quot;Arial Unicode MS&quot;, Helvetica, sans-serif; text-align: justify;\"><span style=\"color: #808080;\"><\/span><\/p>\n<div>&nbsp;<\/div>\n<div><b>Web del festival<\/b>:&nbsp;<a href=\"http:\/\/www.culturalcomes.net\/en\/morella-en\" rel=\"nofollow noopener\" target=\"_blank\">http:\/\/www.culturalcomes.net\/en\/morella-en<\/a><\/div>\n<div>&nbsp;<\/div>\n<p style=\"text-align: center;\">&nbsp;<\/p>\n<div class=\"droppicssinglevideo\">\n<div class=\"droppicssinglevideo\"><a class=\"droppicssingleimage\" data-title=\"EARLY MUSIC MORELLA - International Academy and Festival of Medieval and Renaissance Music\" data-vheight=\"360\" data-vwidth=\"640\" href=\"https:\/\/www.youtube.com\/embed\/pOTgS41cHKg?rel=0&amp;wmode=transparent\" rel=\"lightbox nofollow noopener\" title=\"EARLY MUSIC MORELLA - International Academy and Festival of Medieval and Renaissance Music\" target=\"_blank\"><\/a><\/div>\n<\/div>\n<p>&nbsp;<\/p>\n<h6>&nbsp;<\/h6>\n<p style=\"font-size: 16px; margin: 3px 0px; padding: 0px; caret-color: rgb(64, 64, 64); color: rgb(64, 64, 64); font-family: &quot;Open Sans&quot;, Arial, &quot;Arial Unicode MS&quot;, Helvetica, sans-serif; text-align: center;\"><span style=\"font-size: 8pt;\">&nbsp; EMM is member of&nbsp;VEM (Valencia Early Music Festivals), REMA (R\u00e9seau Europ\u00e9en de Musique Ancienne) Mediterranew Musixs and Festcl\u00e1sica<\/span><\/p>\n<p style=\"font-size: 16px; margin: 3px 0px; padding: 0px; caret-color: rgb(64, 64, 64); color: rgb(64, 64, 64); font-family: &quot;Open Sans&quot;, Arial, &quot;Arial Unicode MS&quot;, Helvetica, sans-serif; text-align: center;\"><img loading=\"lazy\" decoding=\"async\" alt=\"LOGO VEM REMA\" height=\"98\" src=\"https:\/\/www.culturalcomes.net\/images\/LOGO_VEM_REMA.jpg\" style=\"margin: 0px; box-sizing: border-box; max-width: 118px; height: auto; width: 118px;\" width=\"118\" title=\"\"><img loading=\"lazy\" decoding=\"async\" alt=\"fesclasica\" height=\"55\" src=\"https:\/\/www.culturalcomes.net\/images\/Morella\/2020\/fesclasica.png\" style=\"margin: 0px 0px 20px; box-sizing: border-box; max-width: 144px; height: auto; width: 144px;\" width=\"144\" title=\"\">&nbsp;&nbsp;<img loading=\"lazy\" decoding=\"async\" alt=\"Logo VEM\" height=\"101\" src=\"https:\/\/www.culturalcomes.net\/images\/Logo_VEM.png\" style=\"margin: 0px; box-sizing: border-box; max-width: 100px; height: auto; width: 100px;\" width=\"100\" title=\"\">&nbsp;<img loading=\"lazy\" decoding=\"async\" alt=\"Mediterranew musix\" height=\"53\" src=\"https:\/\/www.culturalcomes.net\/images\/Mediterranew_musix.png\" style=\"margin: 0px 0px 20px; box-sizing: border-box; max-width: 200px; height: auto; width: 200px;\" width=\"200\" title=\"\"><br \/>\n&nbsp;<\/p>\n<p style=\"font-size: 16px; margin: 3px 0px; padding: 0px; caret-color: rgb(64, 64, 64); color: rgb(64, 64, 64); font-family: &quot;Open Sans&quot;, Arial, &quot;Arial Unicode MS&quot;, Helvetica, sans-serif; text-align: center;\">&nbsp;<\/p>\n<p style=\"font-size: 16px; margin: 3px 0px; padding: 0px; caret-color: rgb(64, 64, 64); color: rgb(64, 64, 64); font-family: &quot;Open Sans&quot;, Arial, &quot;Arial Unicode MS&quot;, Helvetica, sans-serif; text-align: center;\"><span style=\"font-size: 8pt;\">Early Music Morella has been awarded with Asetmico Award 2020 on social and cultural promotion<\/span><\/p>\n<p style=\"font-size: 16px; margin: 3px 0px; padding: 0px; caret-color: rgb(64, 64, 64); color: rgb(64, 64, 64); font-family: &quot;Open Sans&quot;, Arial, &quot;Arial Unicode MS&quot;, Helvetica, sans-serif; text-align: center;\"><span style=\"font-size: 8pt;\"><\/span><img loading=\"lazy\" decoding=\"async\" alt=\"asetmico\" height=\"39\" src=\"https:\/\/www.culturalcomes.net\/images\/Morella\/2020\/asetmico.png\" style=\"margin: 0px; box-sizing: border-box; max-width: 98px; height: auto; width: 98px;\" width=\"98\" title=\"\"><\/p>\n<p style=\"font-size: 16px; margin: 3px 0px; padding: 0px; caret-color: rgb(64, 64, 64); color: rgb(64, 64, 64); font-family: &quot;Open Sans&quot;, Arial, &quot;Arial Unicode MS&quot;, Helvetica, sans-serif;\">&nbsp;<\/p>\n<p style=\"font-size: 16px; margin: 3px 0px; padding: 0px; caret-color: rgb(64, 64, 64); color: rgb(64, 64, 64); font-family: &quot;Open Sans&quot;, Arial, &quot;Arial Unicode MS&quot;, Helvetica, sans-serif; text-align: center;\">&nbsp;<\/p>\n<p style=\"font-size: 16px; margin: 3px 0px; padding: 0px; caret-color: rgb(64, 64, 64); color: rgb(64, 64, 64); font-family: &quot;Open Sans&quot;, Arial, &quot;Arial Unicode MS&quot;, Helvetica, sans-serif; text-align: center;\"><span style=\"font-size: 8pt;\">Early Music Morella is part of Xacobeo 2021official program<\/span><img loading=\"lazy\" decoding=\"async\" alt=\"xacobeo positivo\" height=\"39\" src=\"https:\/\/www.culturalcomes.net\/images\/Morella\/2021\/xacobeo-positivo.png\" style=\"margin: 0px auto; box-sizing: border-box; max-width: 200px; height: auto; display: block; width: 200px;\" width=\"200\" title=\"\"><\/p>\n<p style=\"font-size: 16px; margin: 3px 0px; padding: 0px; caret-color: rgb(64, 64, 64); color: rgb(64, 64, 64); font-family: &quot;Open Sans&quot;, Arial, &quot;Arial Unicode MS&quot;, Helvetica, sans-serif;\">&nbsp;<\/p>\n<div class=\"col-md-6\">&nbsp;<\/div>\n","protected":false},"excerpt":{"rendered":"<p>Every year Early Music Morella programs are articulated around specific themes designed to stimulate new attitudes that bring us closer to the music of the past. Since 431 Ephesus Council resolved a Marian issue for the first time, a devotion to the Virgin Mary was promoted in the Byzantine sphere that would end up making&#8230;<\/p>\n","protected":false},"author":1,"featured_media":77,"comment_status":"open","ping_status":"open","sticky":false,"template":"","format":"standard","meta":{"_kad_post_transparent":"","_kad_post_title":"","_kad_post_layout":"","_kad_post_sidebar_id":"","_kad_post_content_style":"","_kad_post_vertical_padding":"","_kad_post_feature":"","_kad_post_feature_position":"","_kad_post_header":false,"_kad_post_footer":false,"_kad_post_classname":"","footnotes":""},"categories":[12],"tags":[],"class_list":["post-229","post","type-post","status-publish","format-standard","has-post-thumbnail","hentry","category-category-en-gb"],"_links":{"self":[{"href":"https:\/\/culturalcdm.eu\/en\/wp-json\/wp\/v2\/posts\/229","targetHints":{"allow":["GET"]}}],"collection":[{"href":"https:\/\/culturalcdm.eu\/en\/wp-json\/wp\/v2\/posts"}],"about":[{"href":"https:\/\/culturalcdm.eu\/en\/wp-json\/wp\/v2\/types\/post"}],"author":[{"embeddable":true,"href":"https:\/\/culturalcdm.eu\/en\/wp-json\/wp\/v2\/users\/1"}],"replies":[{"embeddable":true,"href":"https:\/\/culturalcdm.eu\/en\/wp-json\/wp\/v2\/comments?post=229"}],"version-history":[{"count":0,"href":"https:\/\/culturalcdm.eu\/en\/wp-json\/wp\/v2\/posts\/229\/revisions"}],"wp:featuredmedia":[{"embeddable":true,"href":"https:\/\/culturalcdm.eu\/en\/wp-json\/wp\/v2\/media\/77"}],"wp:attachment":[{"href":"https:\/\/culturalcdm.eu\/en\/wp-json\/wp\/v2\/media?parent=229"}],"wp:term":[{"taxonomy":"category","embeddable":true,"href":"https:\/\/culturalcdm.eu\/en\/wp-json\/wp\/v2\/categories?post=229"},{"taxonomy":"post_tag","embeddable":true,"href":"https:\/\/culturalcdm.eu\/en\/wp-json\/wp\/v2\/tags?post=229"}],"curies":[{"name":"wp","href":"https:\/\/api.w.org\/{rel}","templated":true}]}}